{"id":77,"date":"2020-06-11T19:47:50","date_gmt":"2020-06-11T19:47:50","guid":{"rendered":"https:\/\/mihuellitamontessori.es\/?p=77"},"modified":"2020-06-11T23:15:15","modified_gmt":"2020-06-11T23:15:15","slug":"luna-y-su-celebracion-montessori-numero-4","status":"publish","type":"post","link":"https:\/\/mihuellitamontessori.es\/?p=77","title":{"rendered":"\u00a1Luna y su celebraci\u00f3n Montessori n\u00famero 4!"},"content":{"rendered":"\t\t<div data-elementor-type=\"wp-post\" data-elementor-id=\"77\" class=\"elementor elementor-77\">\n\t\t\t\t\t\t<section class=\"elementor-section elementor-top-section elementor-element elementor-element-bb31298 elementor-section-boxed elementor-section-height-default elementor-section-height-default\" data-id=\"bb31298\" data-element_type=\"section\">\n\t\t\t\t\t\t<div class=\"elementor-container elementor-column-gap-default\">\n\t\t\t\t\t<div class=\"elementor-column elementor-col-100 elementor-top-column elementor-element elementor-element-2fc0856\" data-id=\"2fc0856\" data-element_type=\"column\">\n\t\t\t<div class=\"elementor-widget-wrap elementor-element-populated\">\n\t\t\t\t\t\t<div class=\"elementor-element elementor-element-ee4f38f elementor-widget elementor-widget-heading\" data-id=\"ee4f38f\" data-element_type=\"widget\" data-widget_type=\"heading.default\">\n\t\t\t\t<div class=\"elementor-widget-container\">\n\t\t\t<h2 class=\"elementor-heading-title elementor-size-large\">\u00a1Luna y su celebraci\u00f3n Montessori n\u00famero 4!<\/h2>\t\t<\/div>\n\t\t\t\t<\/div>\n\t\t\t\t\t<\/div>\n\t\t<\/div>\n\t\t\t\t\t<\/div>\n\t\t<\/section>\n\t\t\t\t<section class=\"elementor-section elementor-top-section elementor-element elementor-element-8151b57 elementor-section-boxed elementor-section-height-default elementor-section-height-default\" data-id=\"8151b57\" data-element_type=\"section\">\n\t\t\t\t\t\t<div class=\"elementor-container elementor-column-gap-default\">\n\t\t\t\t\t<div class=\"elementor-column elementor-col-100 elementor-top-column elementor-element elementor-element-4dbf845\" data-id=\"4dbf845\" data-element_type=\"column\">\n\t\t\t<div class=\"elementor-widget-wrap elementor-element-populated\">\n\t\t\t\t\t\t<div class=\"elementor-element elementor-element-05808b9 elementor-widget elementor-widget-text-editor\" data-id=\"05808b9\" data-element_type=\"widget\" data-widget_type=\"text-editor.default\">\n\t\t\t\t<div class=\"elementor-widget-container\">\n\t\t\t\t\t\t\t<p><span style=\"font-weight: 400;\">Los cumplea\u00f1os de nuestros hijos son motivo de alegr\u00eda desbordante y felicidad absoluta, buscamos entonces la manera de hacer que cada cumplea\u00f1os sea inolvidable para ellos. Me gustar\u00eda compartir la forma en que hemos festejado los 4 a\u00f1os de Luna. Ha sido una celebraci\u00f3n diferente, con una visi\u00f3n m\u00e1s consciente, una ceremonia a la vida, a las cuatro vueltas que la tierra le ha dado el sol, ha sido un cumple mucho m\u00e1s especial, y en el cual Luna ha sido la verdadera protagonista de ese momento. Adem\u00e1s de que se ha dado cuenta de c\u00f3mo ha crecido y cambiado desde que naci\u00f3.<\/span><\/p><h4><span style=\"color: #008080;\"><strong>Los elementos que se utilizan en esta preciosa ceremonia son sencillos:<\/strong><\/span><\/h4><ul><li style=\"font-weight: 400;\"><span style=\"font-weight: 400;\">Un globo terr\u00e1queo para representar la tierra.<\/span><\/li><li style=\"font-weight: 400;\"><span style=\"font-weight: 400;\">Un sol o una vela que represente el sol, o ambos elementos.<\/span><\/li><li style=\"font-weight: 400;\"><span style=\"font-weight: 400;\">Los meses del a\u00f1o.<\/span><\/li><li style=\"font-weight: 400;\"><span style=\"font-weight: 400;\">Fotos del ni\u00f1o o de la ni\u00f1a, desde que naci\u00f3 hasta la edad que tiene en el momento de la celebraci\u00f3n.<\/span><\/li><li style=\"font-weight: 400;\"><span style=\"font-weight: 400;\">La fecha del cumplea\u00f1os.<\/span><\/li><li style=\"font-weight: 400;\"><span style=\"font-weight: 400;\">El nombre de la ni\u00f1a o del ni\u00f1o que cumple a\u00f1os.<\/span><\/li><li><span style=\"font-weight: 400;\">Puedes a\u00f1adir a esta lista de elementos, todos los que consideres de especial importancia para el ni\u00f1o, como por ejemplo la primera muda de ropa que le pusiste al nacer; el primer dibujo que hizo; o tal vez el mu\u00f1eco o la mantita con la que le gustaba dormir cuando era beb\u00e9. Todo vale, siempre que sea importante y especial en la historia de la vida del ni\u00f1o o de la ni\u00f1a.<\/span><\/li><\/ul><p><span style=\"font-weight: 400;\">En cuanto al cumplea\u00f1os n\u00famero 4 de Luna, los elementos que utilizamos fueron: un globo terr\u00e1queo, un sol hecho de cartulina, una vela, los meses del a\u00f1o, su fecha de cumplea\u00f1os, su nombre, el n\u00famero 4, una tarjeta que le regal\u00f3 pap\u00e1 cuando naci\u00f3, una orqu\u00eddea que le regal\u00f3 su abuela por sus 4 a\u00f1os, y fotos.<\/span><\/p><p><span style=\"font-weight: 400;\">Es una linda ocasi\u00f3n para estar con la familia y con los amigos. Con Luna nos hemos reunido en familia, nos sentamos alrededor de ella, dejando espacio suficiente para que pudiera dar las vueltas al sol libremente, sosteniendo con las dos manos la tierra.\u00a0 He empezado diciendo que era un d\u00eda muy especial porque Luna cumpl\u00eda sus 4 a\u00f1os, y que cuatro a\u00f1os atr\u00e1s la\u00a0 esper\u00e1bamos con mucho amor e ilusi\u00f3n. Que est\u00e1bamos muy felices de celebrar la vida y la alegr\u00eda que ella hab\u00eda tra\u00eddo a nuestro hogar y a todas las personas que la amamos.\u00a0 Hemos explicado que eso significaba que la tierra hab\u00eda dado cuatro vueltas alrededor del sol, y que Luna iba a dar una vuelta por cada a\u00f1o cumplido. Cada vez que daba una vuelta se paraba y ense\u00f1aba fotos de\u00a0 ese a\u00f1o cumplido, y nosotros \u201csus pap\u00e1s\u201d le \u00edbamos contando la historia apoy\u00e1ndonos en la caja de recuerdos de Luna. Mientras iba dando la vuelta, cant\u00e1bamos: \u201cLa tierra gira alrededor del sol, la tierra gira alrededor del sol, la tierra gira alrededor del sol y ahora Luna ha nacido\u201d. Para el a\u00f1o, los dos a\u00f1os, los tres a\u00f1os y los cuatro a\u00f1os, hemos cantado: \u201cLa tierra gira alrededor del sol, la tierra gira alrededor del sol, la tierra gira alrededor del sol y ahora Luna tiene (un a\u00f1o, dos a\u00f1os, tres a\u00f1os, cuatro a\u00f1os)\u201d. Cuando ya hizo sus cuatro vueltas, sopl\u00f3 la vela y todos le cantamos el cumplea\u00f1os feliz.<\/span><\/p><p><span style=\"font-weight: 400;\">Luna ha ido escuchando su propia historia, desde el momento en que pap\u00e1 y mam\u00e1 se conocieron, se enamoraron, se casaron y sembraron la semillita de LUNA, fruto del amor y de la uni\u00f3n de sus pap\u00e1s. Hemos acompa\u00f1ado cada momento contado, con una foto, una de cuando pap\u00e1 y mam\u00e1 eran novios, de cuando se casaron y de c\u00f3mo se ve\u00eda la barriguita de mam\u00e1 con ella ah\u00ed adentro. Le hemos ense\u00f1ado sus primeras fotos \u201clas ecograf\u00edas\u201d y explicado que as\u00ed se ve\u00eda dentro de la barriguita de mam\u00e1, al igual que la primera foto que le hicimos despu\u00e9s de nacer, que fue en la sillita con la que \u00edbamos a llevarla a casa en el coche al salir del hospital, las fotos que le hicimos al llegar a casa, fotos de su primer a\u00f1o de vida, fotos de su segundo a\u00f1o de vida, y fotos de su tercer a\u00f1o de vida.<\/span><\/p><p><span style=\"font-weight: 400;\">A lo largo de la historia de sus 4 a\u00f1os, ella era la protagonista, le hemos contando que cuando viv\u00eda dentro de la barriguita de mam\u00e1, est\u00e1bamos unidas por el cord\u00f3n umbilical, que se lo hemos ense\u00f1ado, le ha encantado verlo. Le ense\u00f1amos tambi\u00e9n c\u00f3mo eran sus u\u00f1itas de beb\u00e9 y ha puesto cara de sorprendida al mirarse las u\u00f1as que tiene con 4 a\u00f1os. Ha visto las huellitas de sus pies reci\u00e9n nacida y las ha comparado con el tama\u00f1o de pie que tiene ahora, su expresi\u00f3n facial fue muy tierna adem\u00e1s de feliz. Ha conocido los primeros pendientes que tuvo, as\u00ed como la primera ropita que llev\u00f3 puesta, y en cada nuevo elemento o foto vista, su sonrisa era cada vez m\u00e1s grande.\u00a0<\/span><\/p><p><span style=\"font-weight: 400;\">Le ense\u00f1amos tambi\u00e9n la primera tarjeta que su pap\u00e1 le escribi\u00f3, el d\u00eda que llegamos a casa tras haber nacido, dedic\u00e1ndole unas palabras de amor y de agradecimiento por habernos elegido como sus padres, y le contamos que ven\u00eda acompa\u00f1ada por una preciosa orqu\u00eddea, igual a la que ahora\u00a0 le regalaba su abuela por sus 4 a\u00f1os.<\/span><\/p><p><span style=\"font-weight: 400;\">Ha sido una experiencia muy emocionante, llena de amor para todos, porque hemos recordado muchos momentos felices con nuestra Luna, y recordar es volver a vivir.<\/span><\/p><p><span style=\"font-weight: 400;\">Te animo a celebrar un cumplea\u00f1os MONTESSORI. \u201cUna verdadera celebraci\u00f3n de la vida, y un acercamiento a la educaci\u00f3n c\u00f3smica\u201d.\u00a0<\/span><\/p><p><span style=\"font-weight: 400; color: #f587c1;\">Lina Yiseth O.V.<\/span><\/p>\t\t\t\t\t\t<\/div>\n\t\t\t\t<\/div>\n\t\t\t\t\t<\/div>\n\t\t<\/div>\n\t\t\t\t\t<\/div>\n\t\t<\/section>\n\t\t\t\t<section class=\"elementor-section elementor-top-section elementor-element elementor-element-eb8e0a0 elementor-section-boxed elementor-section-height-default elementor-section-height-default\" data-id=\"eb8e0a0\" data-element_type=\"section\">\n\t\t\t\t\t\t<div class=\"elementor-container elementor-column-gap-default\">\n\t\t\t\t\t<div class=\"elementor-column elementor-col-100 elementor-top-column elementor-element elementor-element-74ac9b0\" data-id=\"74ac9b0\" data-element_type=\"column\">\n\t\t\t<div class=\"elementor-widget-wrap elementor-element-populated\">\n\t\t\t\t\t\t<div class=\"elementor-element elementor-element-0a157b2 elementor-widget elementor-widget-image-gallery\" data-id=\"0a157b2\" data-element_type=\"widget\" data-widget_type=\"image-gallery.default\">\n\t\t\t\t<div class=\"elementor-widget-container\">\n\t\t\t\t\t<div class=\"elementor-image-gallery\">\n\t\t\t<div id='gallery-1' class='gallery galleryid-77 gallery-columns-3 gallery-size-thumbnail'><figure class='gallery-item'>\n\t\t\t<div class='gallery-icon landscape'>\n\t\t\t\t<a data-elementor-open-lightbox=\"yes\" data-elementor-lightbox-slideshow=\"0a157b2\" data-elementor-lightbox-title=\"Photo_1591914493163\" data-e-action-hash=\"#elementor-action%3Aaction%3Dlightbox%26settings%3DeyJpZCI6MTAyLCJ1cmwiOiJodHRwczpcL1wvbWlodWVsbGl0YW1vbnRlc3NvcmkuZXNcL3dwLWNvbnRlbnRcL3VwbG9hZHNcLzIwMjBcLzA2XC9QaG90b18xNTkxOTE0NDkzMTYzLXNjYWxlZC5qcGciLCJzbGlkZXNob3ciOiIwYTE1N2IyIn0%3D\" href='https:\/\/mihuellitamontessori.es\/wp-content\/uploads\/2020\/06\/Photo_1591914493163-scaled.jpg'><img decoding=\"async\" width=\"150\" height=\"150\" src=\"https:\/\/mihuellitamontessori.es\/wp-content\/uploads\/2020\/06\/Photo_1591914493163-150x150.jpg\" class=\"attachment-thumbnail size-thumbnail\" alt=\"\" \/><\/a>\n\t\t\t<\/div><\/figure><figure class='gallery-item'>\n\t\t\t<div class='gallery-icon portrait'>\n\t\t\t\t<a data-elementor-open-lightbox=\"yes\" data-elementor-lightbox-slideshow=\"0a157b2\" data-elementor-lightbox-title=\"Photo_1591914491756\" data-e-action-hash=\"#elementor-action%3Aaction%3Dlightbox%26settings%3DeyJpZCI6MTAxLCJ1cmwiOiJodHRwczpcL1wvbWlodWVsbGl0YW1vbnRlc3NvcmkuZXNcL3dwLWNvbnRlbnRcL3VwbG9hZHNcLzIwMjBcLzA2XC9QaG90b18xNTkxOTE0NDkxNzU2LXNjYWxlZC5qcGciLCJzbGlkZXNob3ciOiIwYTE1N2IyIn0%3D\" href='https:\/\/mihuellitamontessori.es\/wp-content\/uploads\/2020\/06\/Photo_1591914491756-scaled.jpg'><img decoding=\"async\" width=\"150\" height=\"150\" src=\"https:\/\/mihuellitamontessori.es\/wp-content\/uploads\/2020\/06\/Photo_1591914491756-150x150.jpg\" class=\"attachment-thumbnail size-thumbnail\" alt=\"\" \/><\/a>\n\t\t\t<\/div><\/figure><figure class='gallery-item'>\n\t\t\t<div class='gallery-icon portrait'>\n\t\t\t\t<a data-elementor-open-lightbox=\"yes\" data-elementor-lightbox-slideshow=\"0a157b2\" data-elementor-lightbox-title=\"Photo_1591914491141\" data-e-action-hash=\"#elementor-action%3Aaction%3Dlightbox%26settings%3DeyJpZCI6MTAwLCJ1cmwiOiJodHRwczpcL1wvbWlodWVsbGl0YW1vbnRlc3NvcmkuZXNcL3dwLWNvbnRlbnRcL3VwbG9hZHNcLzIwMjBcLzA2XC9QaG90b18xNTkxOTE0NDkxMTQxLXNjYWxlZC5qcGciLCJzbGlkZXNob3ciOiIwYTE1N2IyIn0%3D\" href='https:\/\/mihuellitamontessori.es\/wp-content\/uploads\/2020\/06\/Photo_1591914491141-scaled.jpg'><img decoding=\"async\" width=\"150\" height=\"150\" src=\"https:\/\/mihuellitamontessori.es\/wp-content\/uploads\/2020\/06\/Photo_1591914491141-150x150.jpg\" class=\"attachment-thumbnail size-thumbnail\" alt=\"\" \/><\/a>\n\t\t\t<\/div><\/figure>\n\t\t<\/div>\n\t\t<\/div>\n\t\t\t\t<\/div>\n\t\t\t\t<\/div>\n\t\t\t\t\t<\/div>\n\t\t<\/div>\n\t\t\t\t\t<\/div>\n\t\t<\/section>\n\t\t\t\t<\/div>\n\t\t","protected":false},"excerpt":{"rendered":"<p>\u00a1Luna y su celebraci\u00f3n Montessori n\u00famero 4! Los cumplea\u00f1os de nuestros hijos son motivo de alegr\u00eda desbordante y felicidad absoluta,<\/p>\n","protected":false},"author":1,"featured_media":100,"comment_status":"open","ping_status":"open","sticky":false,"template":"","format":"image","meta":{"footnotes":""},"categories":[1],"tags":[],"yoast_head":"<!-- This site is optimized with the Yoast SEO plugin v22.7 - https:\/\/yoast.com\/wordpress\/plugins\/seo\/ -->\n<title>\u00a1Luna y su celebraci\u00f3n Montessori n\u00famero 4! -<\/title>\n<meta name=\"robots\" content=\"index, follow, max-snippet:-1, max-image-preview:large, max-video-preview:-1\" \/>\n<link rel=\"canonical\" href=\"https:\/\/mihuellitamontessori.es\/?p=77\" \/>\n<meta property=\"og:locale\" content=\"es_ES\" \/>\n<meta property=\"og:type\" content=\"article\" \/>\n<meta property=\"og:title\" content=\"\u00a1Luna y su celebraci\u00f3n Montessori n\u00famero 4! -\" \/>\n<meta property=\"og:description\" content=\"\u00a1Luna y su celebraci\u00f3n Montessori n\u00famero 4! Los cumplea\u00f1os de nuestros hijos son motivo de alegr\u00eda desbordante y felicidad absoluta,\" \/>\n<meta property=\"og:url\" content=\"https:\/\/mihuellitamontessori.es\/?p=77\" \/>\n<meta property=\"article:published_time\" content=\"2020-06-11T19:47:50+00:00\" \/>\n<meta property=\"article:modified_time\" content=\"2020-06-11T23:15:15+00:00\" \/>\n<meta property=\"og:image\" content=\"https:\/\/mihuellitamontessori.es\/wp-content\/uploads\/2020\/06\/Photo_1591914491141-scaled.jpg\" \/>\n\t<meta property=\"og:image:width\" content=\"1727\" \/>\n\t<meta property=\"og:image:height\" content=\"2560\" \/>\n\t<meta property=\"og:image:type\" content=\"image\/jpeg\" \/>\n<meta name=\"author\" content=\"admin\" \/>\n<meta name=\"twitter:card\" content=\"summary_large_image\" \/>\n<meta name=\"twitter:label1\" content=\"Escrito por\" \/>\n\t<meta name=\"twitter:data1\" content=\"admin\" \/>\n\t<meta name=\"twitter:label2\" content=\"Tiempo de lectura\" \/>\n\t<meta name=\"twitter:data2\" content=\"5 minutos\" \/>\n<script type=\"application\/ld+json\" class=\"yoast-schema-graph\">{\"@context\":\"https:\/\/schema.org\",\"@graph\":[{\"@type\":\"WebPage\",\"@id\":\"https:\/\/mihuellitamontessori.es\/?p=77\",\"url\":\"https:\/\/mihuellitamontessori.es\/?p=77\",\"name\":\"\u00a1Luna y su celebraci\u00f3n Montessori n\u00famero 4! -\",\"isPartOf\":{\"@id\":\"https:\/\/mihuellitamontessori.es\/#website\"},\"primaryImageOfPage\":{\"@id\":\"https:\/\/mihuellitamontessori.es\/?p=77#primaryimage\"},\"image\":{\"@id\":\"https:\/\/mihuellitamontessori.es\/?p=77#primaryimage\"},\"thumbnailUrl\":\"https:\/\/mihuellitamontessori.es\/wp-content\/uploads\/2020\/06\/Photo_1591914491141-scaled.jpg\",\"datePublished\":\"2020-06-11T19:47:50+00:00\",\"dateModified\":\"2020-06-11T23:15:15+00:00\",\"author\":{\"@id\":\"https:\/\/mihuellitamontessori.es\/#\/schema\/person\/cdf08e7c7283e8fbe4cc6a144c07f885\"},\"breadcrumb\":{\"@id\":\"https:\/\/mihuellitamontessori.es\/?p=77#breadcrumb\"},\"inLanguage\":\"es\",\"potentialAction\":[{\"@type\":\"ReadAction\",\"target\":[\"https:\/\/mihuellitamontessori.es\/?p=77\"]}]},{\"@type\":\"ImageObject\",\"inLanguage\":\"es\",\"@id\":\"https:\/\/mihuellitamontessori.es\/?p=77#primaryimage\",\"url\":\"https:\/\/mihuellitamontessori.es\/wp-content\/uploads\/2020\/06\/Photo_1591914491141-scaled.jpg\",\"contentUrl\":\"https:\/\/mihuellitamontessori.es\/wp-content\/uploads\/2020\/06\/Photo_1591914491141-scaled.jpg\",\"width\":1727,\"height\":2560},{\"@type\":\"BreadcrumbList\",\"@id\":\"https:\/\/mihuellitamontessori.es\/?p=77#breadcrumb\",\"itemListElement\":[{\"@type\":\"ListItem\",\"position\":1,\"name\":\"Home\",\"item\":\"https:\/\/mihuellitamontessori.es\/\"},{\"@type\":\"ListItem\",\"position\":2,\"name\":\"\u00a1Luna y su celebraci\u00f3n Montessori n\u00famero 4!\"}]},{\"@type\":\"WebSite\",\"@id\":\"https:\/\/mihuellitamontessori.es\/#website\",\"url\":\"https:\/\/mihuellitamontessori.es\/\",\"name\":\"\",\"description\":\"\",\"potentialAction\":[{\"@type\":\"SearchAction\",\"target\":{\"@type\":\"EntryPoint\",\"urlTemplate\":\"https:\/\/mihuellitamontessori.es\/?s={search_term_string}\"},\"query-input\":\"required name=search_term_string\"}],\"inLanguage\":\"es\"},{\"@type\":\"Person\",\"@id\":\"https:\/\/mihuellitamontessori.es\/#\/schema\/person\/cdf08e7c7283e8fbe4cc6a144c07f885\",\"name\":\"admin\",\"image\":{\"@type\":\"ImageObject\",\"inLanguage\":\"es\",\"@id\":\"https:\/\/mihuellitamontessori.es\/#\/schema\/person\/image\/\",\"url\":\"https:\/\/secure.gravatar.com\/avatar\/c080ee251a3e53f4e54a9c505481acca?s=96&d=mm&r=g\",\"contentUrl\":\"https:\/\/secure.gravatar.com\/avatar\/c080ee251a3e53f4e54a9c505481acca?s=96&d=mm&r=g\",\"caption\":\"admin\"},\"sameAs\":[\"https:\/\/mihuellitamontessori.es\"],\"url\":\"https:\/\/mihuellitamontessori.es\/?author=1\"}]}<\/script>\n<!-- \/ Yoast SEO plugin. -->","yoast_head_json":{"title":"\u00a1Luna y su celebraci\u00f3n Montessori n\u00famero 4! -","robots":{"index":"index","follow":"follow","max-snippet":"max-snippet:-1","max-image-preview":"max-image-preview:large","max-video-preview":"max-video-preview:-1"},"canonical":"https:\/\/mihuellitamontessori.es\/?p=77","og_locale":"es_ES","og_type":"article","og_title":"\u00a1Luna y su celebraci\u00f3n Montessori n\u00famero 4! -","og_description":"\u00a1Luna y su celebraci\u00f3n Montessori n\u00famero 4! Los cumplea\u00f1os de nuestros hijos son motivo de alegr\u00eda desbordante y felicidad absoluta,","og_url":"https:\/\/mihuellitamontessori.es\/?p=77","article_published_time":"2020-06-11T19:47:50+00:00","article_modified_time":"2020-06-11T23:15:15+00:00","og_image":[{"width":1727,"height":2560,"url":"https:\/\/mihuellitamontessori.es\/wp-content\/uploads\/2020\/06\/Photo_1591914491141-scaled.jpg","type":"image\/jpeg"}],"author":"admin","twitter_card":"summary_large_image","twitter_misc":{"Escrito por":"admin","Tiempo de lectura":"5 minutos"},"schema":{"@context":"https:\/\/schema.org","@graph":[{"@type":"WebPage","@id":"https:\/\/mihuellitamontessori.es\/?p=77","url":"https:\/\/mihuellitamontessori.es\/?p=77","name":"\u00a1Luna y su celebraci\u00f3n Montessori n\u00famero 4! -","isPartOf":{"@id":"https:\/\/mihuellitamontessori.es\/#website"},"primaryImageOfPage":{"@id":"https:\/\/mihuellitamontessori.es\/?p=77#primaryimage"},"image":{"@id":"https:\/\/mihuellitamontessori.es\/?p=77#primaryimage"},"thumbnailUrl":"https:\/\/mihuellitamontessori.es\/wp-content\/uploads\/2020\/06\/Photo_1591914491141-scaled.jpg","datePublished":"2020-06-11T19:47:50+00:00","dateModified":"2020-06-11T23:15:15+00:00","author":{"@id":"https:\/\/mihuellitamontessori.es\/#\/schema\/person\/cdf08e7c7283e8fbe4cc6a144c07f885"},"breadcrumb":{"@id":"https:\/\/mihuellitamontessori.es\/?p=77#breadcrumb"},"inLanguage":"es","potentialAction":[{"@type":"ReadAction","target":["https:\/\/mihuellitamontessori.es\/?p=77"]}]},{"@type":"ImageObject","inLanguage":"es","@id":"https:\/\/mihuellitamontessori.es\/?p=77#primaryimage","url":"https:\/\/mihuellitamontessori.es\/wp-content\/uploads\/2020\/06\/Photo_1591914491141-scaled.jpg","contentUrl":"https:\/\/mihuellitamontessori.es\/wp-content\/uploads\/2020\/06\/Photo_1591914491141-scaled.jpg","width":1727,"height":2560},{"@type":"BreadcrumbList","@id":"https:\/\/mihuellitamontessori.es\/?p=77#breadcrumb","itemListElement":[{"@type":"ListItem","position":1,"name":"Home","item":"https:\/\/mihuellitamontessori.es\/"},{"@type":"ListItem","position":2,"name":"\u00a1Luna y su celebraci\u00f3n Montessori n\u00famero 4!"}]},{"@type":"WebSite","@id":"https:\/\/mihuellitamontessori.es\/#website","url":"https:\/\/mihuellitamontessori.es\/","name":"","description":"","potentialAction":[{"@type":"SearchAction","target":{"@type":"EntryPoint","urlTemplate":"https:\/\/mihuellitamontessori.es\/?s={search_term_string}"},"query-input":"required name=search_term_string"}],"inLanguage":"es"},{"@type":"Person","@id":"https:\/\/mihuellitamontessori.es\/#\/schema\/person\/cdf08e7c7283e8fbe4cc6a144c07f885","name":"admin","image":{"@type":"ImageObject","inLanguage":"es","@id":"https:\/\/mihuellitamontessori.es\/#\/schema\/person\/image\/","url":"https:\/\/secure.gravatar.com\/avatar\/c080ee251a3e53f4e54a9c505481acca?s=96&d=mm&r=g","contentUrl":"https:\/\/secure.gravatar.com\/avatar\/c080ee251a3e53f4e54a9c505481acca?s=96&d=mm&r=g","caption":"admin"},"sameAs":["https:\/\/mihuellitamontessori.es"],"url":"https:\/\/mihuellitamontessori.es\/?author=1"}]}},"_links":{"self":[{"href":"https:\/\/mihuellitamontessori.es\/index.php?rest_route=\/wp\/v2\/posts\/77"}],"collection":[{"href":"https:\/\/mihuellitamontessori.es\/index.php?rest_route=\/wp\/v2\/posts"}],"about":[{"href":"https:\/\/mihuellitamontessori.es\/index.php?rest_route=\/wp\/v2\/types\/post"}],"author":[{"embeddable":true,"href":"https:\/\/mihuellitamontessori.es\/index.php?rest_route=\/wp\/v2\/users\/1"}],"replies":[{"embeddable":true,"href":"https:\/\/mihuellitamontessori.es\/index.php?rest_route=%2Fwp%2Fv2%2Fcomments&post=77"}],"version-history":[{"count":7,"href":"https:\/\/mihuellitamontessori.es\/index.php?rest_route=\/wp\/v2\/posts\/77\/revisions"}],"predecessor-version":[{"id":108,"href":"https:\/\/mihuellitamontessori.es\/index.php?rest_route=\/wp\/v2\/posts\/77\/revisions\/108"}],"wp:featuredmedia":[{"embeddable":true,"href":"https:\/\/mihuellitamontessori.es\/index.php?rest_route=\/wp\/v2\/media\/100"}],"wp:attachment":[{"href":"https:\/\/mihuellitamontessori.es\/index.php?rest_route=%2Fwp%2Fv2%2Fmedia&parent=77"}],"wp:term":[{"taxonomy":"category","embeddable":true,"href":"https:\/\/mihuellitamontessori.es\/index.php?rest_route=%2Fwp%2Fv2%2Fcategories&post=77"},{"taxonomy":"post_tag","embeddable":true,"href":"https:\/\/mihuellitamontessori.es\/index.php?rest_route=%2Fwp%2Fv2%2Ftags&post=77"}],"curies":[{"name":"wp","href":"https:\/\/api.w.org\/{rel}","templated":true}]}}