{"id":81,"date":"2020-06-11T20:18:18","date_gmt":"2020-06-11T20:18:18","guid":{"rendered":"https:\/\/mihuellitamontessori.es\/?p=81"},"modified":"2020-06-11T22:59:57","modified_gmt":"2020-06-11T22:59:57","slug":"la-mesa-de-la-paz","status":"publish","type":"post","link":"https:\/\/mihuellitamontessori.es\/?p=81","title":{"rendered":"La mesa de la Paz o Rinc\u00f3n de la Paz"},"content":{"rendered":"\t\t<div data-elementor-type=\"wp-post\" data-elementor-id=\"81\" class=\"elementor elementor-81\">\n\t\t\t\t\t\t<section class=\"elementor-section elementor-top-section elementor-element elementor-element-ec9d4d2 elementor-section-boxed elementor-section-height-default elementor-section-height-default\" data-id=\"ec9d4d2\" data-element_type=\"section\">\n\t\t\t\t\t\t<div class=\"elementor-container elementor-column-gap-default\">\n\t\t\t\t\t<div class=\"elementor-column elementor-col-100 elementor-top-column elementor-element elementor-element-8589725\" data-id=\"8589725\" data-element_type=\"column\">\n\t\t\t<div class=\"elementor-widget-wrap elementor-element-populated\">\n\t\t\t\t\t\t<div class=\"elementor-element elementor-element-368f2ab elementor-widget elementor-widget-heading\" data-id=\"368f2ab\" data-element_type=\"widget\" data-widget_type=\"heading.default\">\n\t\t\t\t<div class=\"elementor-widget-container\">\n\t\t\t<h2 class=\"elementor-heading-title elementor-size-large\">La mesa de la Paz o Rinc\u00f3n de la Paz<\/h2>\t\t<\/div>\n\t\t\t\t<\/div>\n\t\t\t\t\t<\/div>\n\t\t<\/div>\n\t\t\t\t\t<\/div>\n\t\t<\/section>\n\t\t\t\t<section class=\"elementor-section elementor-top-section elementor-element elementor-element-c932596 elementor-section-boxed elementor-section-height-default elementor-section-height-default\" data-id=\"c932596\" data-element_type=\"section\">\n\t\t\t\t\t\t<div class=\"elementor-container elementor-column-gap-default\">\n\t\t\t\t\t<div class=\"elementor-column elementor-col-100 elementor-top-column elementor-element elementor-element-9a1327a\" data-id=\"9a1327a\" data-element_type=\"column\">\n\t\t\t<div class=\"elementor-widget-wrap elementor-element-populated\">\n\t\t\t\t\t\t<div class=\"elementor-element elementor-element-77bbe24 elementor-widget elementor-widget-text-editor\" data-id=\"77bbe24\" data-element_type=\"widget\" data-widget_type=\"text-editor.default\">\n\t\t\t\t<div class=\"elementor-widget-container\">\n\t\t\t\t\t\t\t<p><span style=\"font-weight: 400;\">En una situaci\u00f3n normal en la que no hay restricci\u00f3n alguna para salir a la calle, los ni\u00f1os y los adultos tenemos momentos de malestar, tristeza, enfado, estr\u00e9s,\u00a0 preocupaci\u00f3n o confusi\u00f3n. Ahora que estamos viviendo una situaci\u00f3n diferente que no hab\u00edamos pasado antes, y en la que estuvimos todo el d\u00eda en casa, o se puede salir con horarios y l\u00edmite de tiempo, <\/span><span style=\"font-weight: 400;\">\u201cpueden aumentar esos momentos\u201d. Nuestro estado de \u00e1nimo puede variar constantemente, pasar de la alegr\u00eda a la tristeza sin darnos cuenta, o de estar serenos a sufrir momentos de tensi\u00f3n o ansiedad.<\/span><\/p><p><span style=\"font-weight: 400;\">Los ni\u00f1os han tenido que adaptarse a este cambio brusco y obligado para ellos, sin que se les haya preguntado si est\u00e1n de acuerdo o no, o al menos anticipado de lo que iba a suceder, por lo cual han tenido cambios en sus rutinas diarias, se les ha privado de estar con sus amigos, del cole, de salir al parque, de ver a sus abuelos y dem\u00e1s familiares, de disfrutar de un paseo por la naturaleza o simplemente de salir a recibir el sol. Con todo ello, se han amoldado a las nuevas circunstancias y est\u00e1n mostr\u00e1ndonos la fortaleza que tienen para superar esta situaci\u00f3n, incluso, mejor que nosotros los adultos. No obstante, es inevitable que surjan \u201ccrisis\u201d o \u201cmomentos dif\u00edciles\u201d en los cuales se encuentren m\u00e1s sensibles, frustrados, desanimados, irritados o enfadados. Es ah\u00ed cuando los padres nos vemos en la tarea de ayudar a canalizar esas emociones que se van haciendo presentes.<\/span><\/p><p><span style=\"font-weight: 400;\">Me gustar\u00eda compartir con todos los pap\u00e1s y mam\u00e1s una herramienta que me parece bastante acertada, pero que adem\u00e1s me resulta muy bonita, respetuosa con los ni\u00f1os y de gran impacto positivo para las familias. Pienso que en cada hogar deber\u00eda de existir un espacio <\/span><i><span style=\"font-weight: 400;\">f\u00edsico <\/span><\/i><span style=\"font-weight: 400;\">y al que se le d\u00e9 la importancia que se merece para crear este recurso, que es \u201cLa mesa o rinc\u00f3n de la Paz\u201d.<\/span><\/p><p><span style=\"font-weight: 400;\">Uno de los principios de la metodolog\u00eda de Mar\u00eda Montessori, es la <\/span><i><span style=\"font-weight: 400;\">educaci\u00f3n para la paz<\/span><\/i><span style=\"font-weight: 400;\">. Con este principio como base, naci\u00f3 la idea de la \u201cmesa de la paz\u201d. Un recurso f\u00e1cil de crear, y una excelente herramienta con la cual, los ni\u00f1os pueden resolver conflictos internos y externos de forma positiva, constructiva y respetuosa.<\/span><\/p><p><span style=\"color: #008080;\"><b>\u00bfQu\u00e9 necesitamos para crear nuestra mesa o rinc\u00f3n de la paz?<\/b><\/span><\/p><ul><li><b><i>Una mesa, una alfombra o una carpeta. <\/i><\/b><span style=\"font-weight: 400;\">S\u00ed es una mesa, que tenga la altura adecuada a los ni\u00f1os, puede ser con sillas o sin sillas, tambi\u00e9n se pueden utilizar cojines. La opci\u00f3n de una alfombra o carpeta est\u00e1 bien. La idea es que sea un espacio acogedor, agradable, bonito y que nos invite a acercarnos cuando sintamos la necesidad.<\/span><\/li><li><b><i>Un reloj de arena o una bola de nieve.<\/i><\/b><span style=\"font-weight: 400;\"> Cuando alguien necesite acercarse de forma individual a la mesa de la paz, toma el reloj le da la vuelta y se sienta all\u00ed el tiempo que considere oportuno para volver a la tranquilidad. Si son dos o m\u00e1s personas las que se acerquen a\u00a0 la mesa de la paz, entonces el reloj nos sirve como moderador de turno de la palabra. El reloj en s\u00ed, ya es un instrumento relajante y que nos invita a calmarnos.<\/span><\/li><li><b><i>Un instrumento de paz.<\/i><\/b><span style=\"font-weight: 400;\"> Elegimos un objeto que nos transmita calma, serenidad, tranquilidad, amor, paz. Puede ser una planta natural, una pluma, una pi\u00f1a que hayamos recogido en alg\u00fan paseo por el campo, o una caracola que al caminar por la playa nos hemos encontrado. Puede ser una vela, un incienso, una piedra que nos guste mucho o un collar de cuentas. Tambi\u00e9n puede ser un libro que nos llene de amor y de calma, o un frasco de la calma. O un objeto agradable para nosotros y que podamos sostener. Este elemento nos sirve para mirarlo e ir sintiendo calma en el momento de tener la palabra. Tambi\u00e9n se puede utilizar para cogerlo en la mano mientras se tiene la palabra, la persona que lo sostiene no debe ser interrumpida mientras se est\u00e1 expresando. Al acabar de hablar soltar\u00e1 el objeto y lo puede tomar la que sigue en el turno de la palabra.<\/span><\/li><li><b><i>Una campanilla, un timbre, un palo de lluvia o un instrumento musical similar.<\/i><\/b><span style=\"font-weight: 400;\"> Sonar\u00e1 cuando las personas que se han sentado en la mesa est\u00e1n contentas con los acuerdos a los que se han llegado. Si es una sola persona la que est\u00e1 haciendo uso de la mesa de la paz, pulsar\u00e1 el timbre, mover\u00e1 la campanilla o har\u00e1 sonar el instrumento musical, cuando se sienta tranquila, y con el coraz\u00f3n feliz.<\/span><\/li><\/ul><p><span style=\"color: #008080;\"><b>\u00bfC\u00f3mo funciona la mesa o rinc\u00f3n de la Paz?<\/b><\/span><\/p><p><span style=\"font-weight: 400;\">Aproximadamente como edad orientativa entre los 2 y los 3 a\u00f1os, los ni\u00f1os pueden comprender el funcionamiento de este recurso. Esta herramienta la presentamos por primera vez cuando el ambiente est\u00e9 tranquilo, que ser\u00e1 cuando el ni\u00f1o est\u00e9 m\u00e1s receptivo. Les explicamos que si alguien est\u00e1 sentado en la mesa de la Paz no le molestamos, ni nadie nos molestar\u00e1 a nosotros cuando estemos all\u00ed.<\/span><\/p><p><span style=\"font-weight: 400;\">Debemos saber que no les obligamos a acercarse a la mesa o al rinc\u00f3n de la Paz, podemos sugerir e invitar pero si no quieren estar ah\u00ed, respetamos su decisi\u00f3n ya que es un lugar voluntario.\u00a0<\/span><\/p><p><span style=\"font-weight: 400;\">Explicamos a los ni\u00f1os que la mesa de la paz la utilizamos cuando sintamos enfado, tristeza, frustraci\u00f3n, sin la necesidad de que esa emoci\u00f3n o ese sentimiento haya sido provocado por algo fuera de nosotros, como por ejemplo una pelea entre hermanos.\u00a0 En ocasiones nos sentimos molestos con nosotros mismos <\/span><b><i>(conflicto interno)<\/i><\/b><span style=\"font-weight: 400;\"> cuando no podemos hacer un puzle, el dibujo no nos ha salido como dese\u00e1bamos o queremos salir al parque y no podemos. En esos momentos est\u00e1 bien utilizar este valioso recurso, d\u00e1ndole la vuelta al reloj y observando como cae la arena o la nieve pues eso es relajante, si es una fuente la que hemos puesto en la mesa, podemos observar como corre el agua, sosteniendo el collar de cuentas y tal vez contar las cuentas que hay, o tambi\u00e9n descansando un ratito y esperando a sentirnos mejor. Les decimos que cuando la calma vuelva a ellos pueden hacer sonar la campanilla, el timbre o el instrumento musical. Se pueden levantar e ir a hacer otra actividad, o si lo desean tambi\u00e9n pueden hablar con nosotros y expresarnos lo que sienten. Pueden elegir estar all\u00ed solos o pedirnos compa\u00f1\u00eda, hablar, un beso, una caricia, un abrazo, o simplemente estar a su lado en silencio.<\/span><\/p><p><span style=\"font-weight: 400;\">Otro uso de la mesa o rinc\u00f3n de la Paz, es cuando nuestro sentimiento de enfado o dolor, es por algo de fuera <\/span><b><i>(conflicto externo)<\/i><\/b><span style=\"font-weight: 400;\">, como ser\u00eda el caso de una pelea entre hermanos, o entre padres e hij@, abuelos y niet@, amigos o primos. Cualquiera de los ejemplos anteriores ser\u00eda una gran oportunidad para ense\u00f1ar a nuestros hijos a resolver conflictos con amor, desde el coraz\u00f3n, sin herir al otro, sin pelear, expresando nuestro punto de vista con respeto y asertivamente. Haciendo uso del turno de la palabra por medio del tiempo que marca el reloj de arena, o de quien sostiene el objeto. Escuchando y respetando mientras que la otra persona habla sin interrumpirla, bajando el nivel de enfado o de ansiedad ya que el mismo clima que se inspira en ese ambiente tan bonito que hemos preparado pensando cada detalle, les transmite paz y mucho amor. Es importante mencionar que cuando estamos hablando hacemos \u00e9nfasis en c\u00f3mo nos sentimos, no en culpabilizar al otro, hacemos \u00e9nfasis en c\u00f3mo nos sentimos nosotros; por ejemplo: \u201cme puse triste porque yo estaba leyendo el libro, cuando t\u00fa lo has cogido\u201d, o \u201cme he asustado cuando escuch\u00e9 que gritabas\u201d.\u00a0 Les explicamos que cuando todos est\u00e9n contentos con los acuerdos a los que se ha llegado, es momento de tocar la campanilla, el timbre o el instrumento musical y que lo pueden hacer sonar juntos.<\/span><\/p><p><span style=\"color: #008080;\"><strong><i>\u201cSembrad en los ni\u00f1os ideas buenas, aunque no las entiendan; los a\u00f1os se encargar\u00e1n de descifrarlas en su entendimiento y de hacerlas florecer en su coraz\u00f3n \u201c.<\/i><\/strong><\/span><\/p><p><span style=\"color: #008080;\"><strong><i>Mar\u00eda Montessori<\/i><\/strong><\/span><\/p><p><span style=\"color: #f587c1;\"><strong>Lina Yiseth O.V.<\/strong><\/span><\/p>\t\t\t\t\t\t<\/div>\n\t\t\t\t<\/div>\n\t\t\t\t\t<\/div>\n\t\t<\/div>\n\t\t\t\t\t<\/div>\n\t\t<\/section>\n\t\t\t\t<section class=\"elementor-section elementor-top-section elementor-element elementor-element-34de47c elementor-section-boxed elementor-section-height-default elementor-section-height-default\" data-id=\"34de47c\" data-element_type=\"section\">\n\t\t\t\t\t\t<div class=\"elementor-container elementor-column-gap-default\">\n\t\t\t\t\t<div class=\"elementor-column elementor-col-100 elementor-top-column elementor-element elementor-element-c79a39c\" data-id=\"c79a39c\" data-element_type=\"column\">\n\t\t\t<div class=\"elementor-widget-wrap elementor-element-populated\">\n\t\t\t\t\t\t<div class=\"elementor-element elementor-element-0f9fd9f elementor-widget elementor-widget-image-gallery\" data-id=\"0f9fd9f\" data-element_type=\"widget\" data-widget_type=\"image-gallery.default\">\n\t\t\t\t<div class=\"elementor-widget-container\">\n\t\t\t\t\t<div class=\"elementor-image-gallery\">\n\t\t\t<div id='gallery-1' class='gallery galleryid-81 gallery-columns-1 gallery-size-thumbnail'><figure class='gallery-item'>\n\t\t\t<div class='gallery-icon portrait'>\n\t\t\t\t<a data-elementor-open-lightbox=\"yes\" data-elementor-lightbox-slideshow=\"0f9fd9f\" data-elementor-lightbox-title=\"Photo_1591905766510\" data-e-action-hash=\"#elementor-action%3Aaction%3Dlightbox%26settings%3DeyJpZCI6ODQsInVybCI6Imh0dHBzOlwvXC9taWh1ZWxsaXRhbW9udGVzc29yaS5lc1wvd3AtY29udGVudFwvdXBsb2Fkc1wvMjAyMFwvMDZcL1Bob3RvXzE1OTE5MDU3NjY1MTAtc2NhbGVkLmpwZyIsInNsaWRlc2hvdyI6IjBmOWZkOWYifQ%3D%3D\" href='https:\/\/mihuellitamontessori.es\/wp-content\/uploads\/2020\/06\/Photo_1591905766510-scaled.jpg'><img decoding=\"async\" width=\"150\" height=\"150\" src=\"https:\/\/mihuellitamontessori.es\/wp-content\/uploads\/2020\/06\/Photo_1591905766510-150x150.jpg\" class=\"attachment-thumbnail size-thumbnail\" alt=\"\" aria-describedby=\"gallery-1-84\" \/><\/a>\n\t\t\t<\/div>\n\t\t\t\t<figcaption class='wp-caption-text gallery-caption' id='gallery-1-84'>\n\t\t\t\tMesa de la Paz\n\t\t\t\t<\/figcaption><\/figure><figure class='gallery-item'>\n\t\t\t<div class='gallery-icon landscape'>\n\t\t\t\t<a data-elementor-open-lightbox=\"yes\" data-elementor-lightbox-slideshow=\"0f9fd9f\" data-elementor-lightbox-title=\"Photo_1591905765431\" data-e-action-hash=\"#elementor-action%3Aaction%3Dlightbox%26settings%3DeyJpZCI6ODMsInVybCI6Imh0dHBzOlwvXC9taWh1ZWxsaXRhbW9udGVzc29yaS5lc1wvd3AtY29udGVudFwvdXBsb2Fkc1wvMjAyMFwvMDZcL1Bob3RvXzE1OTE5MDU3NjU0MzEtc2NhbGVkLmpwZyIsInNsaWRlc2hvdyI6IjBmOWZkOWYifQ%3D%3D\" href='https:\/\/mihuellitamontessori.es\/wp-content\/uploads\/2020\/06\/Photo_1591905765431-scaled.jpg'><img decoding=\"async\" width=\"150\" height=\"150\" src=\"https:\/\/mihuellitamontessori.es\/wp-content\/uploads\/2020\/06\/Photo_1591905765431-150x150.jpg\" class=\"attachment-thumbnail size-thumbnail\" alt=\"\" aria-describedby=\"gallery-1-83\" \/><\/a>\n\t\t\t<\/div>\n\t\t\t\t<figcaption class='wp-caption-text gallery-caption' id='gallery-1-83'>\n\t\t\t\tRinc\u00f3n de la Paz \n\t\t\t\t<\/figcaption><\/figure>\n\t\t<\/div>\n\t\t<\/div>\n\t\t\t\t<\/div>\n\t\t\t\t<\/div>\n\t\t\t\t\t<\/div>\n\t\t<\/div>\n\t\t\t\t\t<\/div>\n\t\t<\/section>\n\t\t\t\t<\/div>\n\t\t","protected":false},"excerpt":{"rendered":"<p>La mesa de la Paz o Rinc\u00f3n de la Paz En una situaci\u00f3n normal en la que no hay restricci\u00f3n<\/p>\n","protected":false},"author":1,"featured_media":83,"comment_status":"open","ping_status":"open","sticky":false,"template":"","format":"image","meta":{"footnotes":""},"categories":[1],"tags":[],"yoast_head":"<!-- This site is optimized with the Yoast SEO plugin v22.7 - https:\/\/yoast.com\/wordpress\/plugins\/seo\/ -->\n<title>La mesa de la Paz o Rinc\u00f3n de la Paz -<\/title>\n<meta name=\"robots\" content=\"index, follow, max-snippet:-1, max-image-preview:large, max-video-preview:-1\" \/>\n<link rel=\"canonical\" href=\"https:\/\/mihuellitamontessori.es\/?p=81\" \/>\n<meta property=\"og:locale\" content=\"es_ES\" \/>\n<meta property=\"og:type\" content=\"article\" \/>\n<meta property=\"og:title\" content=\"La mesa de la Paz o Rinc\u00f3n de la Paz -\" \/>\n<meta property=\"og:description\" content=\"La mesa de la Paz o Rinc\u00f3n de la Paz En una situaci\u00f3n normal en la que no hay restricci\u00f3n\" \/>\n<meta property=\"og:url\" content=\"https:\/\/mihuellitamontessori.es\/?p=81\" \/>\n<meta property=\"article:published_time\" content=\"2020-06-11T20:18:18+00:00\" \/>\n<meta property=\"article:modified_time\" content=\"2020-06-11T22:59:57+00:00\" \/>\n<meta property=\"og:image\" content=\"https:\/\/mihuellitamontessori.es\/wp-content\/uploads\/2020\/06\/Photo_1591905765431-scaled.jpg\" \/>\n\t<meta property=\"og:image:width\" content=\"2560\" \/>\n\t<meta property=\"og:image:height\" content=\"1560\" \/>\n\t<meta property=\"og:image:type\" content=\"image\/jpeg\" \/>\n<meta name=\"author\" content=\"admin\" \/>\n<meta name=\"twitter:card\" content=\"summary_large_image\" \/>\n<meta name=\"twitter:label1\" content=\"Escrito por\" \/>\n\t<meta name=\"twitter:data1\" content=\"admin\" \/>\n\t<meta name=\"twitter:label2\" content=\"Tiempo de lectura\" \/>\n\t<meta name=\"twitter:data2\" content=\"7 minutos\" \/>\n<script type=\"application\/ld+json\" class=\"yoast-schema-graph\">{\"@context\":\"https:\/\/schema.org\",\"@graph\":[{\"@type\":\"WebPage\",\"@id\":\"https:\/\/mihuellitamontessori.es\/?p=81\",\"url\":\"https:\/\/mihuellitamontessori.es\/?p=81\",\"name\":\"La mesa de la Paz o Rinc\u00f3n de la Paz -\",\"isPartOf\":{\"@id\":\"https:\/\/mihuellitamontessori.es\/#website\"},\"primaryImageOfPage\":{\"@id\":\"https:\/\/mihuellitamontessori.es\/?p=81#primaryimage\"},\"image\":{\"@id\":\"https:\/\/mihuellitamontessori.es\/?p=81#primaryimage\"},\"thumbnailUrl\":\"https:\/\/mihuellitamontessori.es\/wp-content\/uploads\/2020\/06\/Photo_1591905765431-scaled.jpg\",\"datePublished\":\"2020-06-11T20:18:18+00:00\",\"dateModified\":\"2020-06-11T22:59:57+00:00\",\"author\":{\"@id\":\"https:\/\/mihuellitamontessori.es\/#\/schema\/person\/cdf08e7c7283e8fbe4cc6a144c07f885\"},\"breadcrumb\":{\"@id\":\"https:\/\/mihuellitamontessori.es\/?p=81#breadcrumb\"},\"inLanguage\":\"es\",\"potentialAction\":[{\"@type\":\"ReadAction\",\"target\":[\"https:\/\/mihuellitamontessori.es\/?p=81\"]}]},{\"@type\":\"ImageObject\",\"inLanguage\":\"es\",\"@id\":\"https:\/\/mihuellitamontessori.es\/?p=81#primaryimage\",\"url\":\"https:\/\/mihuellitamontessori.es\/wp-content\/uploads\/2020\/06\/Photo_1591905765431-scaled.jpg\",\"contentUrl\":\"https:\/\/mihuellitamontessori.es\/wp-content\/uploads\/2020\/06\/Photo_1591905765431-scaled.jpg\",\"width\":2560,\"height\":1560,\"caption\":\"Rinc\u00f3n de la Paz\"},{\"@type\":\"BreadcrumbList\",\"@id\":\"https:\/\/mihuellitamontessori.es\/?p=81#breadcrumb\",\"itemListElement\":[{\"@type\":\"ListItem\",\"position\":1,\"name\":\"Home\",\"item\":\"https:\/\/mihuellitamontessori.es\/\"},{\"@type\":\"ListItem\",\"position\":2,\"name\":\"La mesa de la Paz o Rinc\u00f3n de la Paz\"}]},{\"@type\":\"WebSite\",\"@id\":\"https:\/\/mihuellitamontessori.es\/#website\",\"url\":\"https:\/\/mihuellitamontessori.es\/\",\"name\":\"\",\"description\":\"\",\"potentialAction\":[{\"@type\":\"SearchAction\",\"target\":{\"@type\":\"EntryPoint\",\"urlTemplate\":\"https:\/\/mihuellitamontessori.es\/?s={search_term_string}\"},\"query-input\":\"required name=search_term_string\"}],\"inLanguage\":\"es\"},{\"@type\":\"Person\",\"@id\":\"https:\/\/mihuellitamontessori.es\/#\/schema\/person\/cdf08e7c7283e8fbe4cc6a144c07f885\",\"name\":\"admin\",\"image\":{\"@type\":\"ImageObject\",\"inLanguage\":\"es\",\"@id\":\"https:\/\/mihuellitamontessori.es\/#\/schema\/person\/image\/\",\"url\":\"https:\/\/secure.gravatar.com\/avatar\/c080ee251a3e53f4e54a9c505481acca?s=96&d=mm&r=g\",\"contentUrl\":\"https:\/\/secure.gravatar.com\/avatar\/c080ee251a3e53f4e54a9c505481acca?s=96&d=mm&r=g\",\"caption\":\"admin\"},\"sameAs\":[\"https:\/\/mihuellitamontessori.es\"],\"url\":\"https:\/\/mihuellitamontessori.es\/?author=1\"}]}<\/script>\n<!-- \/ Yoast SEO plugin. -->","yoast_head_json":{"title":"La mesa de la Paz o Rinc\u00f3n de la Paz -","robots":{"index":"index","follow":"follow","max-snippet":"max-snippet:-1","max-image-preview":"max-image-preview:large","max-video-preview":"max-video-preview:-1"},"canonical":"https:\/\/mihuellitamontessori.es\/?p=81","og_locale":"es_ES","og_type":"article","og_title":"La mesa de la Paz o Rinc\u00f3n de la Paz -","og_description":"La mesa de la Paz o Rinc\u00f3n de la Paz En una situaci\u00f3n normal en la que no hay restricci\u00f3n","og_url":"https:\/\/mihuellitamontessori.es\/?p=81","article_published_time":"2020-06-11T20:18:18+00:00","article_modified_time":"2020-06-11T22:59:57+00:00","og_image":[{"width":2560,"height":1560,"url":"https:\/\/mihuellitamontessori.es\/wp-content\/uploads\/2020\/06\/Photo_1591905765431-scaled.jpg","type":"image\/jpeg"}],"author":"admin","twitter_card":"summary_large_image","twitter_misc":{"Escrito por":"admin","Tiempo de lectura":"7 minutos"},"schema":{"@context":"https:\/\/schema.org","@graph":[{"@type":"WebPage","@id":"https:\/\/mihuellitamontessori.es\/?p=81","url":"https:\/\/mihuellitamontessori.es\/?p=81","name":"La mesa de la Paz o Rinc\u00f3n de la Paz -","isPartOf":{"@id":"https:\/\/mihuellitamontessori.es\/#website"},"primaryImageOfPage":{"@id":"https:\/\/mihuellitamontessori.es\/?p=81#primaryimage"},"image":{"@id":"https:\/\/mihuellitamontessori.es\/?p=81#primaryimage"},"thumbnailUrl":"https:\/\/mihuellitamontessori.es\/wp-content\/uploads\/2020\/06\/Photo_1591905765431-scaled.jpg","datePublished":"2020-06-11T20:18:18+00:00","dateModified":"2020-06-11T22:59:57+00:00","author":{"@id":"https:\/\/mihuellitamontessori.es\/#\/schema\/person\/cdf08e7c7283e8fbe4cc6a144c07f885"},"breadcrumb":{"@id":"https:\/\/mihuellitamontessori.es\/?p=81#breadcrumb"},"inLanguage":"es","potentialAction":[{"@type":"ReadAction","target":["https:\/\/mihuellitamontessori.es\/?p=81"]}]},{"@type":"ImageObject","inLanguage":"es","@id":"https:\/\/mihuellitamontessori.es\/?p=81#primaryimage","url":"https:\/\/mihuellitamontessori.es\/wp-content\/uploads\/2020\/06\/Photo_1591905765431-scaled.jpg","contentUrl":"https:\/\/mihuellitamontessori.es\/wp-content\/uploads\/2020\/06\/Photo_1591905765431-scaled.jpg","width":2560,"height":1560,"caption":"Rinc\u00f3n de la Paz"},{"@type":"BreadcrumbList","@id":"https:\/\/mihuellitamontessori.es\/?p=81#breadcrumb","itemListElement":[{"@type":"ListItem","position":1,"name":"Home","item":"https:\/\/mihuellitamontessori.es\/"},{"@type":"ListItem","position":2,"name":"La mesa de la Paz o Rinc\u00f3n de la Paz"}]},{"@type":"WebSite","@id":"https:\/\/mihuellitamontessori.es\/#website","url":"https:\/\/mihuellitamontessori.es\/","name":"","description":"","potentialAction":[{"@type":"SearchAction","target":{"@type":"EntryPoint","urlTemplate":"https:\/\/mihuellitamontessori.es\/?s={search_term_string}"},"query-input":"required name=search_term_string"}],"inLanguage":"es"},{"@type":"Person","@id":"https:\/\/mihuellitamontessori.es\/#\/schema\/person\/cdf08e7c7283e8fbe4cc6a144c07f885","name":"admin","image":{"@type":"ImageObject","inLanguage":"es","@id":"https:\/\/mihuellitamontessori.es\/#\/schema\/person\/image\/","url":"https:\/\/secure.gravatar.com\/avatar\/c080ee251a3e53f4e54a9c505481acca?s=96&d=mm&r=g","contentUrl":"https:\/\/secure.gravatar.com\/avatar\/c080ee251a3e53f4e54a9c505481acca?s=96&d=mm&r=g","caption":"admin"},"sameAs":["https:\/\/mihuellitamontessori.es"],"url":"https:\/\/mihuellitamontessori.es\/?author=1"}]}},"_links":{"self":[{"href":"https:\/\/mihuellitamontessori.es\/index.php?rest_route=\/wp\/v2\/posts\/81"}],"collection":[{"href":"https:\/\/mihuellitamontessori.es\/index.php?rest_route=\/wp\/v2\/posts"}],"about":[{"href":"https:\/\/mihuellitamontessori.es\/index.php?rest_route=\/wp\/v2\/types\/post"}],"author":[{"embeddable":true,"href":"https:\/\/mihuellitamontessori.es\/index.php?rest_route=\/wp\/v2\/users\/1"}],"replies":[{"embeddable":true,"href":"https:\/\/mihuellitamontessori.es\/index.php?rest_route=%2Fwp%2Fv2%2Fcomments&post=81"}],"version-history":[{"count":10,"href":"https:\/\/mihuellitamontessori.es\/index.php?rest_route=\/wp\/v2\/posts\/81\/revisions"}],"predecessor-version":[{"id":99,"href":"https:\/\/mihuellitamontessori.es\/index.php?rest_route=\/wp\/v2\/posts\/81\/revisions\/99"}],"wp:featuredmedia":[{"embeddable":true,"href":"https:\/\/mihuellitamontessori.es\/index.php?rest_route=\/wp\/v2\/media\/83"}],"wp:attachment":[{"href":"https:\/\/mihuellitamontessori.es\/index.php?rest_route=%2Fwp%2Fv2%2Fmedia&parent=81"}],"wp:term":[{"taxonomy":"category","embeddable":true,"href":"https:\/\/mihuellitamontessori.es\/index.php?rest_route=%2Fwp%2Fv2%2Fcategories&post=81"},{"taxonomy":"post_tag","embeddable":true,"href":"https:\/\/mihuellitamontessori.es\/index.php?rest_route=%2Fwp%2Fv2%2Ftags&post=81"}],"curies":[{"name":"wp","href":"https:\/\/api.w.org\/{rel}","templated":true}]}}